{"id":1986,"date":"2018-05-17T19:00:13","date_gmt":"2018-05-17T17:00:13","guid":{"rendered":"http:\/\/wordpress.hls-pinneberg.de\/wordpress\/?p=1986"},"modified":"2018-05-17T19:01:14","modified_gmt":"2018-05-17T17:01:14","slug":"mit-neuen-trikots-zum-staffelmarathon-2018","status":"publish","type":"post","link":"http:\/\/wordpress.hls-pinneberg.de\/wordpress\/?p=1986","title":{"rendered":"Mit neuen Trikots zum Staffelmarathon 2018"},"content":{"rendered":"<p>&nbsp;<\/p>\n<p><img loading=\"lazy\" class=\"aligncenter wp-image-1987\" src=\"http:\/\/wordpress.hls-pinneberg.de\/wordpress\/wp-content\/uploads\/2018\/05\/1-1.jpg\" alt=\"\" width=\"520\" height=\"390\" srcset=\"http:\/\/wordpress.hls-pinneberg.de\/wordpress\/wp-content\/uploads\/2018\/05\/1-1.jpg 320w, http:\/\/wordpress.hls-pinneberg.de\/wordpress\/wp-content\/uploads\/2018\/05\/1-1-300x225.jpg 300w\" sizes=\"(max-width: 520px) 100vw, 520px\" \/><\/p>\n<p style=\"text-align: center;\"><em>vor dem Start<\/em><\/p>\n<p>Auch in diesem Jahr spielte das Wetter wieder mit und alle laufbegeisterten Teilnehmerinnen und Teilnehmer zeigten beim diesj\u00e4hrigen Staffelmarathon \u201eAn der Raa\u201c was in ihnen steckte. Bei\u00a0herrlichem Sonnenschein liefen je 9 Sch\u00fclerinnen und Sch\u00fcler, aber auch 3 Lehrkr\u00e4fte und 3 Elternteile je 5,3 km, um sich f\u00fcr das Staffelmarathonfinale auf Helgoland zu qualifizieren. Daf\u00fcr hat es leider nicht gereicht, aber ein 4., 7. und 8. Platz kann sich durchaus sehen lassen, wie ich finde.<\/p>\n<p>Insgesamt traten von der Helene-Lange-Schule 3 Staffeln an, die vertreten wurden durch: Alina, Elias (3a), Jolina, Lilli, Lotta, Mira, Atacan (3c), Rocco (3d), Julia, Lene, Moritz (4a), Niklas, Bogdan (4b), Dunya, Tuana, Noah, Niklas und Sinan (4c). Vielen Dank euch flei\u00dfigen L\u00e4uferinnen und L\u00e4ufern f\u00fcr euren Einsatz!<\/p>\n<p style=\"font-style: normal; font-variant-ligatures: normal; font-variant-caps: normal; font-weight: 400; font-size: 13px; font-family: Arial, Helvetica, sans-serif;\"><img loading=\"lazy\" class=\"aligncenter wp-image-1988\" style=\"font-style: normal; font-variant-ligatures: normal; font-variant-caps: normal; font-weight: 400; font-size: 13px; font-family: Arial, Helvetica, sans-serif;\" src=\"http:\/\/wordpress.hls-pinneberg.de\/wordpress\/wp-content\/uploads\/2018\/05\/2-1.jpg\" alt=\"\" width=\"499\" height=\"374\" srcset=\"http:\/\/wordpress.hls-pinneberg.de\/wordpress\/wp-content\/uploads\/2018\/05\/2-1.jpg 320w, http:\/\/wordpress.hls-pinneberg.de\/wordpress\/wp-content\/uploads\/2018\/05\/2-1-300x225.jpg 300w\" sizes=\"(max-width: 499px) 100vw, 499px\" \/><\/p>\n<p style=\"text-align: center;\"><em>der Start<\/em><\/p>\n<p>Beim Zieleinlauf waren die Teilnehmerinnen und Teilnehmer der Helene-Lange-Schule besonders gut zu erkennen. Unser Schulverein hat sich f\u00fcr die Finanzierung von Sporttrikots eingesetzt. Die fanden alle so toll, dass sie sie gern behalten h\u00e4tten. &#x1f60a;<\/p>\n<p>\u00dcber eine erneute Teilnahme der HLS im n\u00e4chsten Jahr freuen wir uns. Wer also Lust hat,\u00a0mitzulaufen, soll sich gern f\u00fcr den Probelauf im kommen Jahr anmelden. Auch \u00fcber laufbegeisterte Eltern freuen wir uns \u2013 denn auch Sie brauchen wir dringend, denn ohne Sie wird es nichts!<\/p>\n<p style=\"font-style: normal; font-variant-ligatures: normal; font-variant-caps: normal; font-weight: 400; font-size: 13px; font-family: Arial, Helvetica, sans-serif;\"><img loading=\"lazy\" class=\"aligncenter wp-image-1989\" src=\"http:\/\/wordpress.hls-pinneberg.de\/wordpress\/wp-content\/uploads\/2018\/05\/3.jpg\" alt=\"\" width=\"491\" height=\"369\" srcset=\"http:\/\/wordpress.hls-pinneberg.de\/wordpress\/wp-content\/uploads\/2018\/05\/3.jpg 320w, http:\/\/wordpress.hls-pinneberg.de\/wordpress\/wp-content\/uploads\/2018\/05\/3-300x225.jpg 300w\" sizes=\"(max-width: 491px) 100vw, 491px\" \/><\/p>\n<p style=\"text-align: center;\"><em>Es hat uns allen Spa\u00df gemacht!<\/em><\/p>\n<p style=\"text-align: right;\"><em>von Anneke Kriebel \u2013 Lehrerin\u00a0\u00a0<\/em><\/p>\n","protected":false},"excerpt":{"rendered":"<p>&nbsp; vor dem Start Auch in diesem Jahr spielte das Wetter wieder mit und alle laufbegeisterten Teilnehmerinnen und Teilnehmer zeigten beim diesj\u00e4hrigen Staffelmarathon \u201eAn der Raa\u201c was in ihnen steckte. Bei\u00a0herrlichem Sonnenschein liefen je 9 Sch\u00fclerinnen und Sch\u00fcler, aber auch 3 Lehrkr\u00e4fte und 3 Elternteile je 5,3 km, um sich f\u00fcr das Staffelmarathonfinale auf Helgoland [&hellip;]<\/p>\n","protected":false},"author":1,"featured_media":0,"comment_status":"closed","ping_status":"open","sticky":false,"template":"","format":"standard","meta":{"ngg_post_thumbnail":0},"categories":[7],"tags":[],"_links":{"self":[{"href":"http:\/\/wordpress.hls-pinneberg.de\/wordpress\/index.php?rest_route=\/wp\/v2\/posts\/1986"}],"collection":[{"href":"http:\/\/wordpress.hls-pinneberg.de\/wordpress\/index.php?rest_route=\/wp\/v2\/posts"}],"about":[{"href":"http:\/\/wordpress.hls-pinneberg.de\/wordpress\/index.php?rest_route=\/wp\/v2\/types\/post"}],"author":[{"embeddable":true,"href":"http:\/\/wordpress.hls-pinneberg.de\/wordpress\/index.php?rest_route=\/wp\/v2\/users\/1"}],"replies":[{"embeddable":true,"href":"http:\/\/wordpress.hls-pinneberg.de\/wordpress\/index.php?rest_route=%2Fwp%2Fv2%2Fcomments&post=1986"}],"version-history":[{"count":2,"href":"http:\/\/wordpress.hls-pinneberg.de\/wordpress\/index.php?rest_route=\/wp\/v2\/posts\/1986\/revisions"}],"predecessor-version":[{"id":1991,"href":"http:\/\/wordpress.hls-pinneberg.de\/wordpress\/index.php?rest_route=\/wp\/v2\/posts\/1986\/revisions\/1991"}],"wp:attachment":[{"href":"http:\/\/wordpress.hls-pinneberg.de\/wordpress\/index.php?rest_route=%2Fwp%2Fv2%2Fmedia&parent=1986"}],"wp:term":[{"taxonomy":"category","embeddable":true,"href":"http:\/\/wordpress.hls-pinneberg.de\/wordpress\/index.php?rest_route=%2Fwp%2Fv2%2Fcategories&post=1986"},{"taxonomy":"post_tag","embeddable":true,"href":"http:\/\/wordpress.hls-pinneberg.de\/wordpress\/index.php?rest_route=%2Fwp%2Fv2%2Ftags&post=1986"}],"curies":[{"name":"wp","href":"https:\/\/api.w.org\/{rel}","templated":true}]}}