{"id":1525,"date":"2016-09-19T14:27:04","date_gmt":"2016-09-19T12:27:04","guid":{"rendered":"http:\/\/wordpress.hls-pinneberg.de\/wordpress\/?p=1525"},"modified":"2016-09-19T14:29:33","modified_gmt":"2016-09-19T12:29:33","slug":"1525","status":"publish","type":"post","link":"http:\/\/wordpress.hls-pinneberg.de\/wordpress\/?p=1525","title":{"rendered":"Der sichere Schulweg"},"content":{"rendered":"<p style=\"text-align: right;\"><em>Pinneberg, 13.09.2016<\/em><\/p>\n<p>Liebe Eltern,<br \/>\nheute wenden wir, der Vorstand des Schulelternbeirates der Helene-Lange-Schule, uns gemeinsam mit der Schulleitung aus Anlass des Beginns des neuen Schuljahres 2016 \/ 2017 erneut mit einem dringlichen und leider immer wiederkehrenden Thema an Sie:<br \/>\n<strong>1. &#8222;La\u00dft Eure Kinder zu Fu\u00df zur Schule gehen&#8220;<\/strong><br \/>\nGenau dies ist die Bitte der Verfasser dieses Elterninformationsbriefes. Der stressige Alltag l\u00e4sst uns alle leider viel zu oft vergessen, dass das Zur\u00fccklegen des Schulweges zu Fu\u00df &#8211; auch wegen der Bewegung und der frischen Luft &#8211; gesund f\u00fcr unsere Kinder ist. Auch ist der gemeinsame Fu\u00dfweg mit anderen Kindern geselliger und die Kinder haben die<br \/>\nM\u00f6glichkeit, sich bereits vor der Schule auszutauschen. Sicher hat jeder von uns mal einen Grund, sein Kind mit dem Auto zur Schule zu fahren. Aber da bei d\u00fcrfen wir nicht \u00fcbersehen, dass diese vermeintlich &#8222;sichere oder schnellere Alternative&#8220;<br \/>\nf\u00fcr die anderen Kinder aufgrund der Verkehrssituation vor der Schule (absolutes Halteverbot, Bushalt stelle etc.) eine Gef\u00e4hrdung darstellt.<br \/>\n<strong>Daher unsere eindringliche Bitte:<\/strong><br \/>\n<strong>Beachten Sie das absolute Halteverbot vor der Schule und im Kirchhofsweg!<\/strong><br \/>\nLassen Sie Ihre Kinder zu Fu\u00df zur Schule gehen oder, sofern dies z.B. aufgrund eines zu langen Schulweges nicht m\u00f6glich ist, setzen Sie Ihr Kind in der N\u00e4he der Schule ab. Viele Eltern haben daf\u00fcr bereits hervorragend geeignete Pl\u00e4tze oder Seitenstra\u00dfen gefunden &#8211; tauschen Sie sich dar\u00fcber mal untereinander aus. Damit entzerren Sie im Interesse aller Kinder &#8211; auch Ihres eigenen Kindes &#8211; die brisante Verkehrssituation vor der Schule. Ferner beachten Sie bitte, dass der Schulparkplatz bei der Jupp-Becker-Halle nicht der richtige Ort ist, um Kinder abzusetzen. Dieser Parkplatz steht ausschlie\u00dflich f\u00fcr Lehrkr\u00e4fte sowie f\u00fcr Eltern, die in der Schule helfen, zur Verf\u00fcgung. An- und abfahrende Fahrzeuge schaffen eine un\u00fcbersichtliche Situation, die f\u00fcr die Kinder gef\u00e4hrlich sein kann.<br \/>\n<strong>2. &#8222;Mit Rad erst nach der Fahrradpr\u00fcfung&#8220;<\/strong><br \/>\nWir m\u00f6chten auch darauf hinweisen, dass die Schulkonferenz die Empfehlung ausspricht, Kinder erst nach der bestandenen Fahrradpr\u00fcfung in der 4. Klasse mit dem Fahrrad zur Schule fahren zu lassen. Eltern und Lehrkr\u00e4fte haben immer wieder ein erschreckend unvorsichtiges, verkehrswidriges Verhalten auf dem Schulweg beobachtet, besonders wenn in Schuln\u00e4he immer mehr Kinder aufeinander treffen. Allein mag Ihr Kind einen sichereren Eindruck machen. Experten weisen jedoch darauf hin, dass j\u00fcngere Kinder nicht verkehrssicher genug sind, um sich in unvorhergesehenen oder schwierigen Situationen angemessen verhalten zu k\u00f6nnen. Den Schulweg mit dem Rad zur\u00fcck zu legen stellt eine Gefahr f\u00fcr Ihr Kind und andere Kinder dar! Der Weg zu Fu\u00df hingegen macht fit, munter und ist gesellig.<br \/>\n<strong>3. &#8222;Roller&#8220;<\/strong><br \/>\nRoller, insbesondere mit kleinen R\u00e4dern, sind ebenfalls kein geeignetes Mittel, um den Schulweg sicher zur\u00fcck zu legen. Kinder untersch\u00e4tzen h\u00e4ufig die Geschwindigkeit, die sie damit erreichen und stellen so eine Gefahr f\u00fcr sich und andere (zu Fu\u00df gehende) Kinder auf dem Gehwegdar. Auch d\u00fcrfen Roller, selbst wenn sie \u00fcber eine vergleichbare Ausstattung wie ein Fahrrad nach der StVZO verf\u00fcgen (Bremse, Licht,Klingel) \u00fcberhaupt nur auf dem Gehweg und dann nur mit Schrittgeschwindigkeit benutzt werden.<br \/>\n<strong>Daher auch hier die Bitte:<br \/>\nHelfen Sie unn\u00f6tige Gef\u00e4hrdungen Ihres eigenen Kindes und anderer <\/strong><strong>Kinder zu vermeiden und lassen Sie Ihr Kind zu Fu\u00df zur Schule gehen.<\/strong><br \/>\n<strong>4. &#8222;Warnwesten&#8220;<\/strong><br \/>\nGerade in der demn\u00e4chst beginnenden dunklen Jahreszeit sind viele Kinder zus\u00e4tzlich im Stra\u00dfenverkehr gef\u00e4hrdet, weil sie aufgrund der oft dunklen Bekleidung schwer zu erkennen sind. Bei Regen oder Schnee wird diese Gefahr, dass Kinder im Stra\u00dfenverkehr \u00fcbersehen werden, noch gr\u00f6\u00dfer. Aus diesem Grund hat der ADAC allen Erstkl\u00e4sslern eine Warnweste kostenlos zur Verf\u00fcgung gestellt. Ansonsten gibt es diese bei Ikea, Amazon oder im Autozubeh\u00f6rhandel bereits ab \u20ac 2,50 zu kaufen.<br \/>\n<strong>Bitte achten Sie darauf, dass Ihr Kind in der dunklen Jahreszeit die Warnweste t\u00e4glich auf dem<\/strong><br \/>\n<strong>Weg zur Schule tr\u00e4gt. Dies hilft Unf\u00e4lle zu vermeiden!<\/strong><br \/>\nWir bitten Sie, im Interesse der Sicherheit aller Sch\u00fcler, die die Helene-Lange-Schule besuchen, die obigen Hinweise zu beachten und danken Ihnen f\u00fcr Ihre Aufmerksamkeit.<br \/>\nAriane Korduan-Lorenzen\u00a0\u00a0\u00a0\u00a0\u00a0\u00a0\u00a0\u00a0\u00a0\u00a0\u00a0\u00a0\u00a0\u00a0\u00a0\u00a0\u00a0\u00a0\u00a0\u00a0\u00a0\u00a0\u00a0\u00a0\u00a0\u00a0\u00a0\u00a0\u00a0\u00a0\u00a0\u00a0\u00a0\u00a0\u00a0\u00a0\u00a0\u00a0\u00a0\u00a0\u00a0 Andrea Hansen<br \/>\nStephan Schmidt\u00a0\u00a0\u00a0\u00a0\u00a0\u00a0\u00a0\u00a0\u00a0\u00a0\u00a0\u00a0\u00a0\u00a0\u00a0\u00a0\u00a0\u00a0\u00a0\u00a0\u00a0\u00a0\u00a0\u00a0\u00a0\u00a0\u00a0\u00a0\u00a0\u00a0\u00a0\u00a0\u00a0\u00a0\u00a0\u00a0\u00a0\u00a0\u00a0\u00a0\u00a0\u00a0\u00a0\u00a0\u00a0\u00a0\u00a0\u00a0\u00a0\u00a0\u00a0\u00a0\u00a0<em> Rektorin der HLS Pinneberg<\/em><br \/>\nChristian Bolz<br \/>\n<em>Vorstand des SEB<\/em><\/p>\n","protected":false},"excerpt":{"rendered":"<p>Pinneberg, 13.09.2016 Liebe Eltern, heute wenden wir, der Vorstand des Schulelternbeirates der Helene-Lange-Schule, uns gemeinsam mit der Schulleitung aus Anlass des Beginns des neuen Schuljahres 2016 \/ 2017 erneut mit einem dringlichen und leider immer wiederkehrenden Thema an Sie: 1. &#8222;La\u00dft Eure Kinder zu Fu\u00df zur Schule gehen&#8220; Genau dies ist die Bitte der Verfasser [&hellip;]<\/p>\n","protected":false},"author":1,"featured_media":0,"comment_status":"closed","ping_status":"open","sticky":false,"template":"","format":"standard","meta":{"ngg_post_thumbnail":0},"categories":[10],"tags":[],"_links":{"self":[{"href":"http:\/\/wordpress.hls-pinneberg.de\/wordpress\/index.php?rest_route=\/wp\/v2\/posts\/1525"}],"collection":[{"href":"http:\/\/wordpress.hls-pinneberg.de\/wordpress\/index.php?rest_route=\/wp\/v2\/posts"}],"about":[{"href":"http:\/\/wordpress.hls-pinneberg.de\/wordpress\/index.php?rest_route=\/wp\/v2\/types\/post"}],"author":[{"embeddable":true,"href":"http:\/\/wordpress.hls-pinneberg.de\/wordpress\/index.php?rest_route=\/wp\/v2\/users\/1"}],"replies":[{"embeddable":true,"href":"http:\/\/wordpress.hls-pinneberg.de\/wordpress\/index.php?rest_route=%2Fwp%2Fv2%2Fcomments&post=1525"}],"version-history":[{"count":2,"href":"http:\/\/wordpress.hls-pinneberg.de\/wordpress\/index.php?rest_route=\/wp\/v2\/posts\/1525\/revisions"}],"predecessor-version":[{"id":1527,"href":"http:\/\/wordpress.hls-pinneberg.de\/wordpress\/index.php?rest_route=\/wp\/v2\/posts\/1525\/revisions\/1527"}],"wp:attachment":[{"href":"http:\/\/wordpress.hls-pinneberg.de\/wordpress\/index.php?rest_route=%2Fwp%2Fv2%2Fmedia&parent=1525"}],"wp:term":[{"taxonomy":"category","embeddable":true,"href":"http:\/\/wordpress.hls-pinneberg.de\/wordpress\/index.php?rest_route=%2Fwp%2Fv2%2Fcategories&post=1525"},{"taxonomy":"post_tag","embeddable":true,"href":"http:\/\/wordpress.hls-pinneberg.de\/wordpress\/index.php?rest_route=%2Fwp%2Fv2%2Ftags&post=1525"}],"curies":[{"name":"wp","href":"https:\/\/api.w.org\/{rel}","templated":true}]}}