{"id":1356,"date":"2016-05-28T19:50:57","date_gmt":"2016-05-28T17:50:57","guid":{"rendered":"http:\/\/wordpress.hls-pinneberg.de\/wordpress\/?p=1356"},"modified":"2016-05-28T19:52:50","modified_gmt":"2016-05-28T17:52:50","slug":"die-schoepfung-mal-anders","status":"publish","type":"post","link":"http:\/\/wordpress.hls-pinneberg.de\/wordpress\/?p=1356","title":{"rendered":"&#8222;Die Sch\u00f6pfung&#8220; &#8211; mal anders"},"content":{"rendered":"<p>Die Igelklasse hat sich in den vergangenen Wochen im Religionsunterricht mit der Sch\u00f6pfungsgeschichte besch\u00e4ftigt. Dabei kam die eine oder andere Frage und Anmerkung auf wie<\/p>\n<p style=\"padding-left: 60px;\"><em>&#8211; Warum ist zum Anfang alles so dunkel?<\/em><br \/>\n<em> &#8211; Woher kommen die Menschen und die Tiere?<\/em><br \/>\n<em> &#8211; Ist das sch\u00f6n, dass die Menschen, Tiere und B\u00e4ume alle zusammenleben!<\/em><\/p>\n<p>Die Kinder der 1a \u00a0machten sich im Gespr\u00e4chskreis viele Gedanken, um ihre Fragen kl\u00e4ren zu k\u00f6nnen. Sie mussten dann jedoch feststellen, dass wir nicht auf alle eine Antwort finden und laut Alina wohl vieles ein &#8222;Geheimnis&#8220; bleibt.<\/p>\n<p>Um so mehr konnten sie abschlie\u00dfend bei der kreativen Umsetzung ihren Gedanken freien Lauf lassen.\u00a0Sie kneteten in 4er und 5er Gruppen die einzelnen Tage.<br \/>\nTatkr\u00e4ftig und mit vielen Ideen waren sie dabei, so dass sie am Ende ihre Gruppenarbeiten mit viel Freude und stolz pr\u00e4sentierten.<\/p>\n<p>Hier ein kleiner Einblick in ihr kreatives &#8222;Werk&#8220;!<\/p>\n<p><img loading=\"lazy\" class=\"aligncenter wp-image-1357\" src=\"http:\/\/wordpress.hls-pinneberg.de\/wordpress\/wp-content\/uploads\/2016\/05\/1-2-300x224.jpg\" alt=\"1\" width=\"494\" height=\"369\" srcset=\"http:\/\/wordpress.hls-pinneberg.de\/wordpress\/wp-content\/uploads\/2016\/05\/1-2-300x224.jpg 300w, http:\/\/wordpress.hls-pinneberg.de\/wordpress\/wp-content\/uploads\/2016\/05\/1-2-768x574.jpg 768w, http:\/\/wordpress.hls-pinneberg.de\/wordpress\/wp-content\/uploads\/2016\/05\/1-2-1024x765.jpg 1024w\" sizes=\"(max-width: 494px) 100vw, 494px\" \/><\/p>\n<p style=\"text-align: right;\"><em>von Annette Holst, Lehrerin<\/em><\/p>\n","protected":false},"excerpt":{"rendered":"<p>Die Igelklasse hat sich in den vergangenen Wochen im Religionsunterricht mit der Sch\u00f6pfungsgeschichte besch\u00e4ftigt. Dabei kam die eine oder andere Frage und Anmerkung auf wie &#8211; Warum ist zum Anfang alles so dunkel? &#8211; Woher kommen die Menschen und die Tiere? &#8211; Ist das sch\u00f6n, dass die Menschen, Tiere und B\u00e4ume alle zusammenleben! Die Kinder [&hellip;]<\/p>\n","protected":false},"author":1,"featured_media":0,"comment_status":"closed","ping_status":"open","sticky":false,"template":"","format":"standard","meta":{"ngg_post_thumbnail":0},"categories":[7],"tags":[],"_links":{"self":[{"href":"http:\/\/wordpress.hls-pinneberg.de\/wordpress\/index.php?rest_route=\/wp\/v2\/posts\/1356"}],"collection":[{"href":"http:\/\/wordpress.hls-pinneberg.de\/wordpress\/index.php?rest_route=\/wp\/v2\/posts"}],"about":[{"href":"http:\/\/wordpress.hls-pinneberg.de\/wordpress\/index.php?rest_route=\/wp\/v2\/types\/post"}],"author":[{"embeddable":true,"href":"http:\/\/wordpress.hls-pinneberg.de\/wordpress\/index.php?rest_route=\/wp\/v2\/users\/1"}],"replies":[{"embeddable":true,"href":"http:\/\/wordpress.hls-pinneberg.de\/wordpress\/index.php?rest_route=%2Fwp%2Fv2%2Fcomments&post=1356"}],"version-history":[{"count":3,"href":"http:\/\/wordpress.hls-pinneberg.de\/wordpress\/index.php?rest_route=\/wp\/v2\/posts\/1356\/revisions"}],"predecessor-version":[{"id":1360,"href":"http:\/\/wordpress.hls-pinneberg.de\/wordpress\/index.php?rest_route=\/wp\/v2\/posts\/1356\/revisions\/1360"}],"wp:attachment":[{"href":"http:\/\/wordpress.hls-pinneberg.de\/wordpress\/index.php?rest_route=%2Fwp%2Fv2%2Fmedia&parent=1356"}],"wp:term":[{"taxonomy":"category","embeddable":true,"href":"http:\/\/wordpress.hls-pinneberg.de\/wordpress\/index.php?rest_route=%2Fwp%2Fv2%2Fcategories&post=1356"},{"taxonomy":"post_tag","embeddable":true,"href":"http:\/\/wordpress.hls-pinneberg.de\/wordpress\/index.php?rest_route=%2Fwp%2Fv2%2Ftags&post=1356"}],"curies":[{"name":"wp","href":"https:\/\/api.w.org\/{rel}","templated":true}]}}